{"id":660,"date":"2010-12-05T12:24:46","date_gmt":"2010-12-05T15:24:46","guid":{"rendered":"http:\/\/noticias.dac.org.ar\/?p=660"},"modified":"2010-12-05T12:24:46","modified_gmt":"2010-12-05T15:24:46","slug":"los-futuros-planes-de-la-subsecretaria-cultural-de-dac","status":"publish","type":"post","link":"https:\/\/noticias.dac.org.ar\/pt\/los-futuros-planes-de-la-subsecretaria-cultural-de-dac\/","title":{"rendered":"Los futuros planes de la Subsecretar\u00eda Cultural de DAC"},"content":{"rendered":"<p>Poner en conocimiento de las nuevas generaciones el acervo cinematogr\u00e1fico que supieron crear nuestros directores, promoviendo y apoyando al cine argentino en todas sus expresiones, teniendo en cuenta que las corporaciones multinacionales controlan el negocio cinematogr\u00e1fico desde la producci\u00f3n, la distribuci\u00f3n y la exhibici\u00f3n. Un fen\u00f3meno que durante los \u00faltimos 30 a\u00f1os ha distorsionado esta desigual pugna de intereses entre nuestro cine nacional y el que viene desde el exterior. Esta invasi\u00f3n de filmes, la mayor\u00eda de procedencia norteamericana, sumada a la acci\u00f3n de la televisi\u00f3n global, ha ido estableciendo en el p\u00fablico un criterio de lenguaje que hace al formato, ritmo y contenido, transformado al argentino en un p\u00fablico mas de los tantos culturalmente dependientes del mundo con la consecuente p\u00e9rdida de su identidad nacional y regional.<\/p>\n<p>Quienes hemos ejercido la conducci\u00f3n acad\u00e9mica en el \u00e1rea cinematogr\u00e1fica sabemos de que se trata: cualquier estudiante de cine tiene muy claro quien es Tarantino o Ridley Scott, pero la mayor\u00eda, desconoce la obra de Hugo Fregonese, Leopoldo Torres R\u00edos, Mario Sofici, Hugo del Carril, Lucas Demare, Rodolfo Khun, Alberto Fisherman o incluso Nilsson, solo por nombrar algunos. Es aqu\u00ed donde la Subsecretar\u00eda cultural de DAC se propone como actividad fundamental, la revisi\u00f3n y adecuada valorizaci\u00f3n de la obra y la personalidad de nuestros queridos maestros.<\/p>\n<p>Para ello, realizaremos entrevistas a todos los directores de las viejas generaciones que a\u00fan viven, con el fin de conformar un archivo audiovisual que haga perdurable su testimonio y organizaremos diversos ciclos sobre obras que la mayor\u00eda del p\u00fablico desconoce, estructur\u00e1ndolos para conectar las distintas etapas del cine argentino con sus directores m\u00e1s representativos. Desde sus comienzos hasta la actualidad, incluyendo todos los g\u00e9neros.<\/p>\n<p>Con una visi\u00f3n latinoamericana acorde al Unasur, reforzaremos el contacto con las distintas asociaciones de autores audiovisuales hermanos del continente fomentando un intercambio en cuyo marco podamos recibir a directores latinoamericanos que dicten aqu\u00ed talleres mientras nuestros realizadores har\u00e1n lo mismo en esos pa\u00edses, aprovechando nuestra experiencia y capacidad en la realizaci\u00f3n para originar un intercambio art\u00edstico cultural permanente entre las obras y los directores del continente y el cine argentino.<\/p>\n<p>&nbsp;<\/p>\n<p>Archivo: <a href=\"http:\/\/www.dacdirectoresdecine.org.ar\/\">InfoDAC N\u00b074<\/a><\/p>\n","protected":false},"excerpt":{"rendered":"<p class=\"qtranxs-available-languages-message qtranxs-available-languages-message-pt\">Desculpe-nos, mas este texto est\u00e1 apenas dispon\u00edvel em <a href=\"https:\/\/noticias.dac.org.ar\/es\/wp-json\/wp\/v2\/posts\/660\" class=\"qtranxs-available-language-link qtranxs-available-language-link-es\" title=\"Espa\u00f1ol\">Espanhol Europeu<\/a>.<\/p>\n<p>Poner en conocimiento de las nuevas generaciones el acervo cinematogr\u00e1fico que supieron crear nuestros directores, promoviendo y apoyando al cine argentino en todas sus expresiones, teniendo en cuenta que las corporaciones multinacionales controlan el negocio cinematogr\u00e1fico desde la producci\u00f3n, la distribuci\u00f3n y la exhibici\u00f3n.<\/p>\n","protected":false},"author":7,"featured_media":0,"comment_status":"closed","ping_status":"closed","sticky":false,"template":"","format":"standard","meta":{"_grids_gutter_x":"","_grids_wide_width":false},"categories":[20],"tags":[218,48,217,219],"_links":{"self":[{"href":"https:\/\/noticias.dac.org.ar\/pt\/wp-json\/wp\/v2\/posts\/660"}],"collection":[{"href":"https:\/\/noticias.dac.org.ar\/pt\/wp-json\/wp\/v2\/posts"}],"about":[{"href":"https:\/\/noticias.dac.org.ar\/pt\/wp-json\/wp\/v2\/types\/post"}],"author":[{"embeddable":true,"href":"https:\/\/noticias.dac.org.ar\/pt\/wp-json\/wp\/v2\/users\/7"}],"replies":[{"embeddable":true,"href":"https:\/\/noticias.dac.org.ar\/pt\/wp-json\/wp\/v2\/comments?post=660"}],"version-history":[{"count":0,"href":"https:\/\/noticias.dac.org.ar\/pt\/wp-json\/wp\/v2\/posts\/660\/revisions"}],"wp:attachment":[{"href":"https:\/\/noticias.dac.org.ar\/pt\/wp-json\/wp\/v2\/media?parent=660"}],"wp:term":[{"taxonomy":"category","embeddable":true,"href":"https:\/\/noticias.dac.org.ar\/pt\/wp-json\/wp\/v2\/categories?post=660"},{"taxonomy":"post_tag","embeddable":true,"href":"https:\/\/noticias.dac.org.ar\/pt\/wp-json\/wp\/v2\/tags?post=660"}],"curies":[{"name":"wp","href":"https:\/\/api.w.org\/{rel}","templated":true}]}}