{"id":1539,"date":"2015-11-21T21:24:00","date_gmt":"2015-11-22T00:24:00","guid":{"rendered":"http:\/\/3ns.com.ar\/dev\/dac\/noticias.dac.org.ar\/?p=1539"},"modified":"2015-11-21T21:24:00","modified_gmt":"2015-11-22T00:24:00","slug":"dac-en-la-vicepresidencia-del-consejo-internacional-de-creadores-writers-directors-worldwide","status":"publish","type":"post","link":"https:\/\/noticias.dac.org.ar\/pt\/dac-en-la-vicepresidencia-del-consejo-internacional-de-creadores-writers-directors-worldwide\/","title":{"rendered":"DAC EN LA VICEPRESIDENCIA DEL CONSEJO INTERNACIONAL DE CREADORES WRITERS &#038; DIRECTORS WORLDWIDE"},"content":{"rendered":"<figure class=\"wp-block-embed-youtube wp-block-embed is-type-video is-provider-youtube\"><div class=\"wp-block-embed__wrapper\">\n<div class=\"container-lazyload preview-lazyload container-youtube js-lazyload--not-loaded\"><a class=\"lazy-load-youtube preview-lazyload preview-youtube\" href=\"https:\/\/www.youtube.com\/watch?v=S4zp4JfLu-c&#038;feature=emb_title\" data-video-title=\"W&#038;DW Beijing 2015 Congreso Anual (Subt\u00edtulos Espa\u00f1ol)\" title=\"Play video &quot;W&#038;DW Beijing 2015 Congreso Anual (Subt\u00edtulos Espa\u00f1ol)&quot;\">https:\/\/www.youtube.com\/watch?v=S4zp4JfLu-c&#038;feature=emb_title<\/a><noscript>Video can&#8217;t be loaded because JavaScript is disabled: <a href=\"https:\/\/www.youtube.com\/watch?v=S4zp4JfLu-c&#038;feature=emb_title\" title=\"W&#038;DW Beijing 2015 Congreso Anual (Subt\u00edtulos Espa\u00f1ol)\">W&#038;DW Beijing 2015 Congreso Anual (Subt\u00edtulos Espa\u00f1ol) (https:\/\/www.youtube.com\/watch?v=S4zp4JfLu-c&#038;feature=emb_title)<\/a><\/noscript><\/div>\n<\/div><\/figure>\n\n\n\n<p><strong>Durante el 5 y 6 de noviembre sesion\u00f3 en Beijing, el Congreso Internacional de Creadores de la Confederaci\u00f3n Internacional de Sociedades de Autores y Compositores, <a href=\"https:\/\/www.cisac.org\/\">CISAC<\/a> &#8211; <a href=\"http:\/\/writersanddirectorsworldwide.org\/\">WRITERS &amp; DIRECTORS WORLDWIDE.<\/a><\/strong><\/p>\n\n\n<div  class=\"grids-section grids-s-d2d3b914-2891-4b94-8d23-6403661fb7c8 grids-is-stretch\"><div class=\"grids-s-w_i\">\n<div class=\"grids-area grids-a-baaed566-d031-4f8b-98d6-b661838e9762\">\n\n<figure class=\"wp-block-image size-large is-resized\"><img loading=\"lazy\" src=\"http:\/\/noticias.dac.org.ar\/wp-content\/uploads\/2020\/03\/Yves_Nilly_presidente_Writers_and_Directos_Worldwide__200x298-1.jpg\" alt=\"\" class=\"wp-image-1540\" width=\"143\" height=\"213\"\/><figcaption><strong>Yves Nilly,<\/strong><br> Presidente de <strong>Writers and Directors Worldwide<\/strong>. Reconocido autor y guionista franc\u00e9s, Vicepresidente de <strong>SACD<\/strong><\/figcaption><\/figure>\n\n\n\n<figure class=\"wp-block-image size-large\"><a href=\"http:\/\/sacd.fr\/\"><img loading=\"lazy\" width=\"100\" height=\"37\" src=\"http:\/\/noticias.dac.org.ar\/wp-content\/uploads\/2020\/03\/logo_sacd_extra_small_100x37-1.png\" alt=\"\" class=\"wp-image-1542\"\/><\/a><figcaption><em>Francia<\/em><\/figcaption><\/figure>\n\n<\/div>\n\n<div class=\"grids-area grids-a-9a5dba5e-d127-4683-ba2a-9a3d54d9eb13\">\n\n<figure class=\"wp-block-image size-large is-resized\"><img loading=\"lazy\" src=\"http:\/\/noticias.dac.org.ar\/wp-content\/uploads\/2020\/03\/dac_en_vicepresidencia_writers_horacio_maldonado-1.jpg\" alt=\"\" class=\"wp-image-1541\" width=\"136\" height=\"202\"\/><figcaption><strong>Horacio Maldonado<\/strong>,<br> Vicepresidente de <strong>Writers and Directors Worldwide<\/strong> . Director cinematogr\u00e1fico, actual Secretario General de <strong>DAC<\/strong><\/figcaption><\/figure>\n\n\n\n<figure class=\"wp-block-image size-large\"><a href=\"http:\/\/www.dac.org.ar\/\"><img loading=\"lazy\" width=\"100\" height=\"37\" src=\"http:\/\/noticias.dac.org.ar\/wp-content\/uploads\/2020\/03\/logo_dac_extra_small_100x37-1.png\" alt=\"\" class=\"wp-image-1543\"\/><\/a><figcaption><em>Argentina<\/em><br>Coordinador General de la <strong>ADAL<\/strong>. Alianza de Directores Audiovisuales Latinoamericanos.<\/figcaption><\/figure>\n\n\n\n<figure class=\"wp-block-image size-large\"><a href=\"http:\/\/www.directoreslatinoamerica.org\/es\/\"><img loading=\"lazy\" width=\"100\" height=\"37\" src=\"http:\/\/noticias.dac.org.ar\/wp-content\/uploads\/2020\/03\/logo_adal_extra_small_100x37-1.png\" alt=\"\" class=\"wp-image-1544\"\/><\/a><\/figure>\n\n<\/div>\n\n<div class=\"grids-area grids-a-d81f8110-2587-4c28-97e4-e699029bf0bc\">\n\n<p>La reuni\u00f3n, por primera vez efectuada en China, cont\u00f3 con la participaci\u00f3n de representantes de entidades de todo el mundo. En su transcurso, <strong>Horacio Maldonado<\/strong>, director argentino cinematogr\u00e1fico y actual Secretario General de<a href=\"http:\/\/www.dac.org.ar\"> DAC<\/a>, fue designado por decisi\u00f3n un\u00e1nime de los miembros del Consejo Ejecutivo, Vicepresidente del Consejo Internacional de creadores de la <a href=\"https:\/\/www.cisac.org\/\">CISAC,<\/a> <a href=\"http:\/\/writersanddirectorsworldwide.org\/\">WRITERS &amp; DIRECTORS WORLDWIDE.<\/a><\/p>\n\n\n\n<p>El reconocido guionista franc\u00e9s<strong> Yves Nilly<\/strong>, que representa a la sociedad francesa <a href=\"http:\/\/sacd.fr\/\">SACD<\/a>, fue reelecto como Presidente.<\/p>\n\n<\/div>\n<\/div><\/div>\n\n\n<p class=\"has-text-align-center\"><strong>Sociedades integrantes y miembros del Comit\u00e9 Ejecutivo Internacional de <a href=\"http:\/\/writersanddirectorsworldwide.org\/\">Writers &amp; Directors Worldwide<\/a><\/strong><\/p>\n\n\n<div  class=\"grids-section grids-s-b8e7458d-02fa-49c9-9bf4-734a25b496df grids-is-stretch\"><div class=\"grids-s-w_i\">\n<div class=\"grids-area grids-a-6d7afa1f-1b44-43c3-aba0-b7221fb8a32f\">\n\n<figure class=\"wp-block-image size-large is-resized\"><img loading=\"lazy\" src=\"http:\/\/noticias.dac.org.ar\/wp-content\/uploads\/2020\/03\/logo_argentores_extra_small_100x37-1-2.png\" alt=\"\" class=\"wp-image-1546\" width=\"165\" height=\"61\"\/><\/figure>\n\n<\/div>\n\n<div class=\"grids-area grids-a-6e5bee85-888b-49d4-af44-690a9207c6a8\">\n\n<p><strong>Miguel \u00c1ngel Diani<\/strong> (<a href=\"https:\/\/argentores.org.ar\/\">ARGENTORES<\/a>, Argentina),<\/p>\n\n<\/div>\n<\/div><\/div>","protected":false},"excerpt":{"rendered":"<p class=\"qtranxs-available-languages-message qtranxs-available-languages-message-pt\">Desculpe-nos, mas este texto est\u00e1 apenas dispon\u00edvel em <a href=\"https:\/\/noticias.dac.org.ar\/es\/wp-json\/wp\/v2\/posts\/1539\" class=\"qtranxs-available-language-link qtranxs-available-language-link-es\" title=\"Espa\u00f1ol\">Espanhol Europeu<\/a>.<\/p>\n<p>Durante el 5 y 6 de noviembre sesion\u00f3 en Beijing, el Congreso Internacional de Creadores de la Confederaci\u00f3n Internacional de Sociedades de Autores y Compositores, CISAC &#8211; WRITERS &#038; DIRECTORS WORLDWIDE.<\/p>\n","protected":false},"author":7,"featured_media":2130,"comment_status":"closed","ping_status":"closed","sticky":false,"template":"","format":"standard","meta":{"_grids_gutter_x":"","_grids_wide_width":false},"categories":[439,1],"tags":[481,13,48,474],"_links":{"self":[{"href":"https:\/\/noticias.dac.org.ar\/pt\/wp-json\/wp\/v2\/posts\/1539"}],"collection":[{"href":"https:\/\/noticias.dac.org.ar\/pt\/wp-json\/wp\/v2\/posts"}],"about":[{"href":"https:\/\/noticias.dac.org.ar\/pt\/wp-json\/wp\/v2\/types\/post"}],"author":[{"embeddable":true,"href":"https:\/\/noticias.dac.org.ar\/pt\/wp-json\/wp\/v2\/users\/7"}],"replies":[{"embeddable":true,"href":"https:\/\/noticias.dac.org.ar\/pt\/wp-json\/wp\/v2\/comments?post=1539"}],"version-history":[{"count":0,"href":"https:\/\/noticias.dac.org.ar\/pt\/wp-json\/wp\/v2\/posts\/1539\/revisions"}],"wp:featuredmedia":[{"embeddable":true,"href":"https:\/\/noticias.dac.org.ar\/pt\/wp-json\/wp\/v2\/media\/2130"}],"wp:attachment":[{"href":"https:\/\/noticias.dac.org.ar\/pt\/wp-json\/wp\/v2\/media?parent=1539"}],"wp:term":[{"taxonomy":"category","embeddable":true,"href":"https:\/\/noticias.dac.org.ar\/pt\/wp-json\/wp\/v2\/categories?post=1539"},{"taxonomy":"post_tag","embeddable":true,"href":"https:\/\/noticias.dac.org.ar\/pt\/wp-json\/wp\/v2\/tags?post=1539"}],"curies":[{"name":"wp","href":"https:\/\/api.w.org\/{rel}","templated":true}]}}