{"id":908,"date":"2007-08-16T01:25:23","date_gmt":"2007-08-16T04:25:23","guid":{"rendered":"http:\/\/noticias.dac.org.ar\/?p=908"},"modified":"2007-08-16T01:25:23","modified_gmt":"2007-08-16T04:25:23","slug":"el-pulqui-vuela-otra-vez","status":"publish","type":"post","link":"https:\/\/noticias.dac.org.ar\/es\/el-pulqui-vuela-otra-vez\/","title":{"rendered":"EL PULQUI VUELA OTRA VEZ"},"content":{"rendered":"<p><img loading=\"lazy\" class=\"alignleft size-full wp-image-909\" src=\"http:\/\/noticias.dac.org.ar\/wp-content\/uploads\/2018\/01\/pulqui-1.jpg\" alt=\"\" width=\"437\" height=\"278\" \/><\/p>\n<p>&nbsp;<\/p>\n<p>&nbsp;<\/p>\n<p>&nbsp;<\/p>\n<p>&nbsp;<\/p>\n<p>&nbsp;<\/p>\n<p>&nbsp;<\/p>\n<p>&nbsp;<\/p>\n<p>&nbsp;<\/p>\n<p><strong>El Festival Internacional de Nyon Visions du Reel, Suiza, otorg\u00f3 una Menci\u00f3n Especial a <em>\u201cPulqui, un Instante en la Patria de la Felicidad\u201d<\/em> pel\u00edcula dirigida por Alejandro Fern\u00e1ndez Mouj\u00e1n.<\/strong><\/p>\n<p>Jean Pret, responsable del evento, escribi\u00f3:<\/p>\n<p>\u00c9sta es una historia de adultos ni\u00f1os argentinos quienes juguetean con sus sue\u00f1os de volar, su memoria del peronismo y sus mitos, como Eva Per\u00f3n y su mundo imaginario: un bosque que alberga a un hada madrina.<\/p>\n<p>Daniel Santoro, un pintor que explora la imaginaci\u00f3n colectiva, recientemente prest\u00f3 atenci\u00f3n a la leyenda del Pulqui, antiguo orgullo de la aeron\u00e1utica argentina. Encontr\u00f3 alguien que supo construir un modelo a escala del famoso avi\u00f3n\u2026 y un director de cine para contar esta extra\u00f1a historia. El 8 de febrero de 1951, el avi\u00f3n en cuesti\u00f3n penetr\u00f3 el cielo sobre Buenos Aires como una flecha. Ese mismo a\u00f1o Juan Domingo Per\u00f3n fue reelegido Presidente de la Rep\u00fablica. Al borde de la era tecnol\u00f3gica, ese avi\u00f3n constitu\u00eda entonces el s\u00edmbolo de una Argentina segura de su futuro y capaz de levantar vuelo. Esto se muestra a trav\u00e9s de los archivos del r\u00e9gimen Peronista y la dictadura militar que le sigui\u00f3, y las im\u00e1genes de una Rep\u00fablica ideal encarnada en Eva Per\u00f3n, madre de todos los ni\u00f1os, mucho de ellos luego militantes asesinados.<\/p>\n<p>Con talento, Alejandro Fern\u00e1ndez Mouj\u00e1n re\u00fane elementos de un pasado complejo y un presente doloroso. El subt\u00edtulo de la pel\u00edcula es claramente ir\u00f3nico. El taller donde el avi\u00f3n ejemplar se construye, condenado a chocar despu\u00e9s de un pat\u00e9tico vuelo de s\u00f3lo unos metros, es la actualizaci\u00f3n y doble cr\u00edtica necesaria de esta Disneylandia que proyecta el cielo en la tierra, mundos cerrados que incluyen un cuadro diferente de la Argentina contempor\u00e1nea. Pa\u00eds que aun convive con leyendas semejantes a las pinturas de Santoro y con proyectos como los que Mouj\u00e1n narra en su pel\u00edcula, contrastando con una realidad devastada de pobreza. Las im\u00e1genes de desocupados que recuperan cart\u00f3n viejo llevados en camiones son claras se\u00f1ales de que hoy Argentina necesitar\u00eda el empuj\u00f3n de otro gran Pulqui.<\/p>\n<p>La pel\u00edcula ha sido tambi\u00e9n invitada al 24th Jerusalem International Film Festival, al 5th Lisbon International Documentary Film Festival-Doclisboa 2007 y al 10th Rencontres internationales du documentaire de Montreal.<\/p>\n<hr \/>\n<p>Archivo:<a href=\"http:\/\/www.dacdirectoresdecine.org.ar\/infodac67\/index.html\"> Info DAC N\u00b067<\/a><\/p>\n<p>&nbsp;<\/p>\n<p>&nbsp;<\/p>","protected":false},"excerpt":{"rendered":"<p>El Festival Internacional de Nyon Visions du Reel, Suiza, otorg\u00f3 una Menci\u00f3n Especial a \u201cPulqui, un Instante en la Patria de la Felicidad\u201d pel\u00edcula dirigida por Alejandro Fern\u00e1ndez Mouj\u00e1n<\/p>\n","protected":false},"author":7,"featured_media":909,"comment_status":"closed","ping_status":"closed","sticky":false,"template":"","format":"standard","meta":{"_grids_gutter_x":"","_grids_wide_width":false},"categories":[20],"tags":[328,63,326,327],"_links":{"self":[{"href":"https:\/\/noticias.dac.org.ar\/es\/wp-json\/wp\/v2\/posts\/908"}],"collection":[{"href":"https:\/\/noticias.dac.org.ar\/es\/wp-json\/wp\/v2\/posts"}],"about":[{"href":"https:\/\/noticias.dac.org.ar\/es\/wp-json\/wp\/v2\/types\/post"}],"author":[{"embeddable":true,"href":"https:\/\/noticias.dac.org.ar\/es\/wp-json\/wp\/v2\/users\/7"}],"replies":[{"embeddable":true,"href":"https:\/\/noticias.dac.org.ar\/es\/wp-json\/wp\/v2\/comments?post=908"}],"version-history":[{"count":0,"href":"https:\/\/noticias.dac.org.ar\/es\/wp-json\/wp\/v2\/posts\/908\/revisions"}],"wp:featuredmedia":[{"embeddable":true,"href":"https:\/\/noticias.dac.org.ar\/es\/wp-json\/wp\/v2\/media\/909"}],"wp:attachment":[{"href":"https:\/\/noticias.dac.org.ar\/es\/wp-json\/wp\/v2\/media?parent=908"}],"wp:term":[{"taxonomy":"category","embeddable":true,"href":"https:\/\/noticias.dac.org.ar\/es\/wp-json\/wp\/v2\/categories?post=908"},{"taxonomy":"post_tag","embeddable":true,"href":"https:\/\/noticias.dac.org.ar\/es\/wp-json\/wp\/v2\/tags?post=908"}],"curies":[{"name":"wp","href":"https:\/\/api.w.org\/{rel}","templated":true}]}}