{"id":1808,"date":"2018-12-19T20:37:00","date_gmt":"2018-12-19T23:37:00","guid":{"rendered":"http:\/\/3ns.com.ar\/dev\/dac\/noticias.dac.org.ar\/?p=1808"},"modified":"2018-12-19T20:37:00","modified_gmt":"2018-12-19T23:37:00","slug":"latinoamerica-los-autores-audiovisuales-viven-un-historico-momento","status":"publish","type":"post","link":"https:\/\/noticias.dac.org.ar\/es\/latinoamerica-los-autores-audiovisuales-viven-un-historico-momento\/","title":{"rendered":"Latinoam\u00e9rica: Los Autores Audiovisuales viven un hist\u00f3rico momento"},"content":{"rendered":"<p>Con el nacimiento de la FESAAL \u2013 Federaci\u00f3n de Sociedades de Autores Audiovisuales Latinoamericanos \u2013 se fortalece el derecho de autor en toda la regi\u00f3n.<\/p>\n\n\n\n<figure class=\"wp-block-embed-youtube wp-block-embed is-type-video is-provider-youtube\"><div class=\"wp-block-embed__wrapper\">\n<div class=\"container-lazyload preview-lazyload container-youtube js-lazyload--not-loaded\"><a class=\"lazy-load-youtube preview-lazyload preview-youtube\" href=\"https:\/\/youtu.be\/wyzoFzSi3O8\" data-video-title=\"ALGYD - ADAL Congreso Anual de Autores Audiovisuales Latinoamericanos - La Habana 2018\" title=\"Play video &quot;ALGYD - ADAL Congreso Anual de Autores Audiovisuales Latinoamericanos - La Habana 2018&quot;\">https:\/\/youtu.be\/wyzoFzSi3O8<\/a><noscript>Video can&#8217;t be loaded because JavaScript is disabled: <a href=\"https:\/\/youtu.be\/wyzoFzSi3O8\" title=\"ALGYD - ADAL Congreso Anual de Autores Audiovisuales Latinoamericanos - La Habana 2018\">ALGYD &#8211; ADAL Congreso Anual de Autores Audiovisuales Latinoamericanos &#8211; La Habana 2018 (https:\/\/youtu.be\/wyzoFzSi3O8)<\/a><\/noscript><\/div>\n<\/div><\/figure>\n\n\n\n<p>Durante el Congreso Anual de Sociedades Audiovisuales Latinoamericanas m\u00e1s de 10 sociedades de gesti\u00f3n de la regi\u00f3n se reunieron para fundar la <a href=\"https:\/\/www.fesaal.org\/\">FESAAL \u2013 Federaci\u00f3n de Sociedades de Autores Audiovisuales Latinoamericanos<\/a>, que se crea para continuar con el fortalecimiento y la defensa del derecho de autor para Guionistas y Directores en toda la regi\u00f3n y en el mundo.<\/p>\n\n\n\n<figure class=\"wp-block-gallery columns-3 is-cropped\"><ul class=\"blocks-gallery-grid\"><li class=\"blocks-gallery-item\"><figure><a href=\"http:\/\/noticias.dac.org.ar\/wp-content\/uploads\/2020\/04\/FPXHABAN_0017_havana-2632193_960x540-1.jpg\"><img loading=\"lazy\" width=\"960\" height=\"540\" src=\"http:\/\/noticias.dac.org.ar\/wp-content\/uploads\/2020\/04\/FPXHABAN_0017_havana-2632193_960x540-1.jpg\" alt=\"\" data-id=\"1809\" data-full-url=\"http:\/\/noticias.dac.org.ar\/wp-content\/uploads\/2020\/04\/FPXHABAN_0017_havana-2632193_960x540-1.jpg\" data-link=\"http:\/\/3ns.com.ar\/dev\/dac\/noticias.dac.org.ar\/?attachment_id=1809\" class=\"wp-image-1809\" srcset=\"https:\/\/noticias.dac.org.ar\/wp-content\/uploads\/2020\/04\/FPXHABAN_0017_havana-2632193_960x540-1.jpg 960w, https:\/\/noticias.dac.org.ar\/wp-content\/uploads\/2020\/04\/FPXHABAN_0017_havana-2632193_960x540-1-240x135.jpg 240w, https:\/\/noticias.dac.org.ar\/wp-content\/uploads\/2020\/04\/FPXHABAN_0017_havana-2632193_960x540-1-640x360.jpg 640w, https:\/\/noticias.dac.org.ar\/wp-content\/uploads\/2020\/04\/FPXHABAN_0017_havana-2632193_960x540-1-768x432.jpg 768w\" sizes=\"(max-width: 960px) 100vw, 960px\" \/><\/a><\/figure><\/li><li class=\"blocks-gallery-item\"><figure><a href=\"http:\/\/noticias.dac.org.ar\/wp-content\/uploads\/2020\/04\/ADL18CH2_0018_R2W2-1.jpg\"><img loading=\"lazy\" width=\"960\" height=\"540\" src=\"http:\/\/noticias.dac.org.ar\/wp-content\/uploads\/2020\/04\/ADL18CH2_0018_R2W2-1.jpg\" alt=\"\" data-id=\"1810\" data-full-url=\"http:\/\/noticias.dac.org.ar\/wp-content\/uploads\/2020\/04\/ADL18CH2_0018_R2W2-1.jpg\" data-link=\"http:\/\/3ns.com.ar\/dev\/dac\/noticias.dac.org.ar\/?attachment_id=1810\" class=\"wp-image-1810\" srcset=\"https:\/\/noticias.dac.org.ar\/wp-content\/uploads\/2020\/04\/ADL18CH2_0018_R2W2-1.jpg 960w, https:\/\/noticias.dac.org.ar\/wp-content\/uploads\/2020\/04\/ADL18CH2_0018_R2W2-1-240x135.jpg 240w, https:\/\/noticias.dac.org.ar\/wp-content\/uploads\/2020\/04\/ADL18CH2_0018_R2W2-1-640x360.jpg 640w, https:\/\/noticias.dac.org.ar\/wp-content\/uploads\/2020\/04\/ADL18CH2_0018_R2W2-1-768x432.jpg 768w\" sizes=\"(max-width: 960px) 100vw, 960px\" \/><\/a><\/figure><\/li><li class=\"blocks-gallery-item\"><figure><a href=\"http:\/\/noticias.dac.org.ar\/wp-content\/uploads\/2020\/04\/ADL18CH2_0062_RW2-1.jpg\"><img loading=\"lazy\" width=\"960\" height=\"540\" src=\"http:\/\/noticias.dac.org.ar\/wp-content\/uploads\/2020\/04\/ADL18CH2_0062_RW2-1.jpg\" alt=\"\" data-id=\"1811\" data-full-url=\"http:\/\/noticias.dac.org.ar\/wp-content\/uploads\/2020\/04\/ADL18CH2_0062_RW2-1.jpg\" data-link=\"http:\/\/3ns.com.ar\/dev\/dac\/noticias.dac.org.ar\/?attachment_id=1811\" class=\"wp-image-1811\" srcset=\"https:\/\/noticias.dac.org.ar\/wp-content\/uploads\/2020\/04\/ADL18CH2_0062_RW2-1.jpg 960w, https:\/\/noticias.dac.org.ar\/wp-content\/uploads\/2020\/04\/ADL18CH2_0062_RW2-1-240x135.jpg 240w, https:\/\/noticias.dac.org.ar\/wp-content\/uploads\/2020\/04\/ADL18CH2_0062_RW2-1-640x360.jpg 640w, https:\/\/noticias.dac.org.ar\/wp-content\/uploads\/2020\/04\/ADL18CH2_0062_RW2-1-768x432.jpg 768w\" sizes=\"(max-width: 960px) 100vw, 960px\" \/><\/a><\/figure><\/li><li class=\"blocks-gallery-item\"><figure><a href=\"http:\/\/noticias.dac.org.ar\/wp-content\/uploads\/2020\/04\/ADL18CH2_0037_RW2-1.jpg\"><img loading=\"lazy\" width=\"960\" height=\"540\" src=\"http:\/\/noticias.dac.org.ar\/wp-content\/uploads\/2020\/04\/ADL18CH2_0037_RW2-1.jpg\" alt=\"\" data-id=\"1812\" data-full-url=\"http:\/\/noticias.dac.org.ar\/wp-content\/uploads\/2020\/04\/ADL18CH2_0037_RW2-1.jpg\" data-link=\"http:\/\/3ns.com.ar\/dev\/dac\/noticias.dac.org.ar\/?attachment_id=1812\" class=\"wp-image-1812\" srcset=\"https:\/\/noticias.dac.org.ar\/wp-content\/uploads\/2020\/04\/ADL18CH2_0037_RW2-1.jpg 960w, https:\/\/noticias.dac.org.ar\/wp-content\/uploads\/2020\/04\/ADL18CH2_0037_RW2-1-240x135.jpg 240w, https:\/\/noticias.dac.org.ar\/wp-content\/uploads\/2020\/04\/ADL18CH2_0037_RW2-1-640x360.jpg 640w, https:\/\/noticias.dac.org.ar\/wp-content\/uploads\/2020\/04\/ADL18CH2_0037_RW2-1-768x432.jpg 768w\" sizes=\"(max-width: 960px) 100vw, 960px\" \/><\/a><\/figure><\/li><li class=\"blocks-gallery-item\"><figure><a href=\"http:\/\/noticias.dac.org.ar\/wp-content\/uploads\/2020\/04\/ADL18CH2_0032_RW2-1.jpg\"><img loading=\"lazy\" width=\"960\" height=\"540\" src=\"http:\/\/noticias.dac.org.ar\/wp-content\/uploads\/2020\/04\/ADL18CH2_0032_RW2-1.jpg\" alt=\"\" data-id=\"1813\" data-full-url=\"http:\/\/noticias.dac.org.ar\/wp-content\/uploads\/2020\/04\/ADL18CH2_0032_RW2-1.jpg\" data-link=\"http:\/\/3ns.com.ar\/dev\/dac\/noticias.dac.org.ar\/?attachment_id=1813\" class=\"wp-image-1813\" srcset=\"https:\/\/noticias.dac.org.ar\/wp-content\/uploads\/2020\/04\/ADL18CH2_0032_RW2-1.jpg 960w, https:\/\/noticias.dac.org.ar\/wp-content\/uploads\/2020\/04\/ADL18CH2_0032_RW2-1-240x135.jpg 240w, https:\/\/noticias.dac.org.ar\/wp-content\/uploads\/2020\/04\/ADL18CH2_0032_RW2-1-640x360.jpg 640w, https:\/\/noticias.dac.org.ar\/wp-content\/uploads\/2020\/04\/ADL18CH2_0032_RW2-1-768x432.jpg 768w\" sizes=\"(max-width: 960px) 100vw, 960px\" \/><\/a><\/figure><\/li><li class=\"blocks-gallery-item\"><figure><a href=\"http:\/\/noticias.dac.org.ar\/wp-content\/uploads\/2020\/04\/ADL18CH2_0034_RW2-1.jpg\"><img loading=\"lazy\" width=\"960\" height=\"540\" src=\"http:\/\/noticias.dac.org.ar\/wp-content\/uploads\/2020\/04\/ADL18CH2_0034_RW2-1.jpg\" alt=\"\" data-id=\"1814\" data-full-url=\"http:\/\/noticias.dac.org.ar\/wp-content\/uploads\/2020\/04\/ADL18CH2_0034_RW2-1.jpg\" data-link=\"http:\/\/3ns.com.ar\/dev\/dac\/noticias.dac.org.ar\/?attachment_id=1814\" class=\"wp-image-1814\" srcset=\"https:\/\/noticias.dac.org.ar\/wp-content\/uploads\/2020\/04\/ADL18CH2_0034_RW2-1.jpg 960w, https:\/\/noticias.dac.org.ar\/wp-content\/uploads\/2020\/04\/ADL18CH2_0034_RW2-1-240x135.jpg 240w, https:\/\/noticias.dac.org.ar\/wp-content\/uploads\/2020\/04\/ADL18CH2_0034_RW2-1-640x360.jpg 640w, https:\/\/noticias.dac.org.ar\/wp-content\/uploads\/2020\/04\/ADL18CH2_0034_RW2-1-768x432.jpg 768w\" sizes=\"(max-width: 960px) 100vw, 960px\" \/><\/a><\/figure><\/li><\/ul><\/figure>\n\n\n\n<p>En la Ciudad de la Habana, Rep\u00fablica de Cuba, el pasado 12 de Diciembre, se ha dado un paso hist\u00f3rico para todos los Autores Audiovisuales Latinoamericanos en lo que sin dudas es, un antecedente sin igual en el campo de la defensa del derecho de autor en la regi\u00f3n. En el marco del 40\u00b0 Aniversario del Festival Internacional del Nuevo Cine de La Habana \u2013 y como actividad oficial de este importante evento, se fund\u00f3 y cre\u00f3 dentro de la agenda del Congreso Anual de Autores Audiovisuales Latinoamericanos, la FESAAL, Federaci\u00f3n que nuclea a las sociedades de gesti\u00f3n colectiva del derecho de autor de Latinoam\u00e9rica de Guionistas y Directores Audiovisuales.<\/p>\n\n\n<div  class=\"grids-section grids-s-c275f269-3e94-4f51-b5bb-4c34aeba7a8d grids-is-stretch\"><div class=\"grids-s-w_i\">\n<div class=\"grids-area grids-a-8a405078-5699-4923-8e7e-727499db50cc\">\n\n<figure class=\"wp-block-gallery columns-1 is-cropped\"><ul class=\"blocks-gallery-grid\"><li class=\"blocks-gallery-item\"><figure><img loading=\"lazy\" width=\"240\" height=\"161\" src=\"http:\/\/noticias.dac.org.ar\/wp-content\/uploads\/2020\/04\/AGADU_vertical_2_240-1.png\" alt=\"\" data-id=\"1815\" data-full-url=\"http:\/\/noticias.dac.org.ar\/wp-content\/uploads\/2020\/04\/AGADU_vertical_2_240-1.png\" data-link=\"http:\/\/3ns.com.ar\/dev\/dac\/noticias.dac.org.ar\/?attachment_id=1815\" class=\"wp-image-1815\"\/><\/figure><\/li><\/ul><figcaption class=\"blocks-gallery-caption\"><strong>AGADU<\/strong><br> \u2013<em> Asociaci\u00f3n General de Autores del Uruguay .<br><\/em><\/figcaption><\/figure>\n\n<\/div>\n\n<div class=\"grids-area grids-a-90a5391c-65d4-4dfc-964b-094b48ae2614\">\n\n<figure class=\"wp-block-image size-large\"><img loading=\"lazy\" width=\"200\" height=\"124\" src=\"http:\/\/noticias.dac.org.ar\/wp-content\/uploads\/2020\/04\/argentores-logo-mailing-1.png\" alt=\"\" class=\"wp-image-1703\"\/><figcaption><strong>ARGENTORES<\/strong><br> \u2013 <em>Sociedad General de Autores de la Argentina<\/em><\/figcaption><\/figure>\n\n<\/div>\n\n<div class=\"grids-area grids-a-e2724053-4c2e-4e7e-a468-7a27d2f74c84\">\n\n<figure class=\"wp-block-image size-large\"><img loading=\"lazy\" width=\"233\" height=\"95\" src=\"http:\/\/noticias.dac.org.ar\/wp-content\/uploads\/2020\/03\/atn_logo_pie-1.png\" alt=\"\" class=\"wp-image-1530\"\/><figcaption><strong>ATN<\/strong><br> \u2013 <em>Sociedad de Directores Audiovisuales, Guionistas y Dramaturgos.<br>Chile<\/em><\/figcaption><\/figure>\n\n<\/div>\n\n<div class=\"grids-area grids-a-8da9f920-2730-4fc3-be07-bb6d3dceb7b4\">\n\n<figure class=\"wp-block-image size-large\"><img loading=\"lazy\" width=\"200\" height=\"106\" src=\"http:\/\/noticias.dac.org.ar\/wp-content\/uploads\/2020\/04\/dac-logo-mailing-1.png\" alt=\"\" class=\"wp-image-1704\"\/><figcaption><strong>DAC<\/strong><br> \u2013<em> Directores Argentinos Cinematogr\u00e1fico<\/em>s.<br><em>Argentina<\/em><\/figcaption><\/figure>\n\n<\/div>\n<\/div><\/div>\n\n<div  class=\"grids-section grids-s-bfd4788d-6134-4f0a-a861-57a7f87d8c6f grids-is-stretch\"><div class=\"grids-s-w_i\">\n<div class=\"grids-area grids-a-25b794d4-fe3a-4890-8c7a-7144ef6f18d4\">\n\n<figure class=\"wp-block-image size-large\"><img loading=\"lazy\" width=\"195\" height=\"178\" src=\"http:\/\/noticias.dac.org.ar\/wp-content\/uploads\/2020\/04\/FESAAL_logos-entidades_DASC-1.png\" alt=\"\" class=\"wp-image-1617\"\/><figcaption><strong>DASC<\/strong><br> \u2013 <em>Directores Audiovisuales Sociedad Colombiana de Gesti\u00f3n<br>  Colombia<\/em><\/figcaption><\/figure>\n\n<\/div>\n\n<div class=\"grids-area grids-a-da0a2a9f-f4ce-4236-8bb5-8f0eac8231e0\">\n\n<figure class=\"wp-block-image size-large\"><img loading=\"lazy\" width=\"200\" height=\"100\" src=\"http:\/\/noticias.dac.org.ar\/wp-content\/uploads\/2020\/04\/logo_dbca_web-1.png\" alt=\"\" class=\"wp-image-1817\"\/><figcaption><strong>DBCA<\/strong><br> \u2013 <em>Directores Brasileiros de Cine y Audiovisual<br>  Brasil<\/em><\/figcaption><\/figure>\n\n<\/div>\n\n<div class=\"grids-area grids-a-b85a9fc2-1908-4e65-80f7-189053ef4cb0\">\n\n<figure class=\"wp-block-image size-large\"><img loading=\"lazy\" width=\"240\" height=\"75\" src=\"http:\/\/noticias.dac.org.ar\/wp-content\/uploads\/2020\/04\/logo_DIRECTORES_MEXICO_curvas_color_RGB_crop_240-1.png\" alt=\"\" class=\"wp-image-1818\"\/><figcaption><strong>DIRECTORES MEXICO<\/strong><br> \u2013 <em>Sociedad Mexicana de Directores Realizadores de Obras Audiovisuales<br>  M\u00e9xico<\/em><\/figcaption><\/figure>\n\n<\/div>\n<\/div><\/div>\n\n<div  class=\"grids-section grids-s-12b36b2c-70ce-418c-a04c-8176c6aadde2 grids-is-stretch\"><div class=\"grids-s-w_i\">\n<div class=\"grids-area grids-a-a14bc0c7-36f8-4432-be6e-cb17424ec7cc\">\n\n<figure class=\"wp-block-image size-large\"><img loading=\"lazy\" width=\"240\" height=\"216\" src=\"http:\/\/noticias.dac.org.ar\/wp-content\/uploads\/2020\/04\/gedar_cuadrado_RGB_transp_240-1.png\" alt=\"\" class=\"wp-image-1820\"\/><figcaption><strong>GEDAR<\/strong><br> \u2013 <em>Gesti\u00f3n de Derechos de Autores Guionistas <br>  Brasil<\/em><\/figcaption><\/figure>\n\n<\/div>\n\n<div class=\"grids-area grids-a-e0efa548-0fad-49a3-b097-3616807e7dc4\">\n\n<figure class=\"wp-block-image size-large\"><img loading=\"lazy\" width=\"150\" height=\"150\" src=\"http:\/\/noticias.dac.org.ar\/wp-content\/uploads\/2020\/04\/logo_redes_web-1.png\" alt=\"\" class=\"wp-image-1821\"\/><figcaption><em><strong>REDES<\/strong><br> \u2013 Red Colombiana de Escritores Audiovisuales<br>  Colombia<\/em><\/figcaption><\/figure>\n\n<\/div>\n\n<div class=\"grids-area grids-a-02f44f70-e83a-4fa5-a985-5994c4fd5c0c\">\n\n<figure class=\"wp-block-image size-large\"><img loading=\"lazy\" width=\"322\" height=\"186\" src=\"http:\/\/noticias.dac.org.ar\/wp-content\/uploads\/2020\/04\/sogem-logo-322x186-2-1.png\" alt=\"\" class=\"wp-image-1822\"\/><figcaption><strong>SOGEM<\/strong><br> \u2013 <em>Sociedad General de Escritores de M\u00e9xico<br>  M\u00e9xico<\/em><\/figcaption><\/figure>\n\n<\/div>\n<\/div><\/div>\n\n\n<p>La FESAAL \u2013 nace como una entidad sin fines de lucro siendo fundada e integrada por a las sociedades que administran derechos de los Autores de obras Audiovisuales, Guionistas y Directores como as\u00ed tambi\u00e9n de Autores de obras dram\u00e1ticas teatrales.<\/p>\n\n\n\n<p>Sin dudas la regi\u00f3n Latinoamericana ha avanzado a gran escalas desde la creaci\u00f3n y con la ayuda t\u00e9cnica y econ\u00f3mica que aportaron las Alianzas <a href=\"http:\/\/www.directoreslatinoamerica.org\/es\/\">ADAL \u2013 Alianza de Directores Audiovisuales Latinoamericanos<\/a> y <a href=\"https:\/\/www.algyd.org\/post\/una-nueva-alianza\">ALGyD \u2013 Alianza Latinoamericana de Guionistas y Dramaturgos<\/a>, quienes con sus planes de ayuda a sociedades emergentes dentro de la regi\u00f3n, han conseguido que los Autores puedan organizarse en sus territorios y lograr el reconocimiento de sus gobiernos en cada uno de sus pa\u00edses, luchando en la conquista de sus derechos con leyes y reglamentaciones que los protejan, otorgando as\u00ed tambi\u00e9n a las sociedades de gesti\u00f3n locales la ayuda t\u00e9cnica y econ\u00f3mica, necesaria para la formaci\u00f3n de las mismas y su puesta en funcionamiento.<\/p>\n\n\n\n<figure class=\"wp-block-gallery columns-3 is-cropped\"><ul class=\"blocks-gallery-grid\"><li class=\"blocks-gallery-item\"><figure><a href=\"http:\/\/noticias.dac.org.ar\/wp-content\/uploads\/2020\/04\/ADL18CHP_0002_W-960x540-1-1.jpg\"><img loading=\"lazy\" width=\"960\" height=\"540\" src=\"http:\/\/noticias.dac.org.ar\/wp-content\/uploads\/2020\/04\/ADL18CHP_0002_W-960x540-1-1.jpg\" alt=\"\" data-id=\"1827\" data-full-url=\"http:\/\/noticias.dac.org.ar\/wp-content\/uploads\/2020\/04\/ADL18CHP_0002_W-960x540-1-1.jpg\" data-link=\"http:\/\/3ns.com.ar\/dev\/dac\/noticias.dac.org.ar\/?attachment_id=1827\" class=\"wp-image-1827\" srcset=\"https:\/\/noticias.dac.org.ar\/wp-content\/uploads\/2020\/04\/ADL18CHP_0002_W-960x540-1-1.jpg 960w, https:\/\/noticias.dac.org.ar\/wp-content\/uploads\/2020\/04\/ADL18CHP_0002_W-960x540-1-1-240x135.jpg 240w, https:\/\/noticias.dac.org.ar\/wp-content\/uploads\/2020\/04\/ADL18CHP_0002_W-960x540-1-1-640x360.jpg 640w, https:\/\/noticias.dac.org.ar\/wp-content\/uploads\/2020\/04\/ADL18CHP_0002_W-960x540-1-1-768x432.jpg 768w\" sizes=\"(max-width: 960px) 100vw, 960px\" \/><\/a><\/figure><\/li><li class=\"blocks-gallery-item\"><figure><a href=\"http:\/\/noticias.dac.org.ar\/wp-content\/uploads\/2020\/04\/ADL18CH2_0040_RW2-1.jpg\"><img loading=\"lazy\" width=\"960\" height=\"540\" src=\"http:\/\/noticias.dac.org.ar\/wp-content\/uploads\/2020\/04\/ADL18CH2_0040_RW2-1.jpg\" alt=\"\" data-id=\"1824\" data-full-url=\"http:\/\/noticias.dac.org.ar\/wp-content\/uploads\/2020\/04\/ADL18CH2_0040_RW2-1.jpg\" data-link=\"http:\/\/3ns.com.ar\/dev\/dac\/noticias.dac.org.ar\/?attachment_id=1824\" class=\"wp-image-1824\" srcset=\"https:\/\/noticias.dac.org.ar\/wp-content\/uploads\/2020\/04\/ADL18CH2_0040_RW2-1.jpg 960w, https:\/\/noticias.dac.org.ar\/wp-content\/uploads\/2020\/04\/ADL18CH2_0040_RW2-1-240x135.jpg 240w, https:\/\/noticias.dac.org.ar\/wp-content\/uploads\/2020\/04\/ADL18CH2_0040_RW2-1-640x360.jpg 640w, https:\/\/noticias.dac.org.ar\/wp-content\/uploads\/2020\/04\/ADL18CH2_0040_RW2-1-768x432.jpg 768w\" sizes=\"(max-width: 960px) 100vw, 960px\" \/><\/a><\/figure><\/li><li class=\"blocks-gallery-item\"><figure><a href=\"http:\/\/noticias.dac.org.ar\/wp-content\/uploads\/2020\/04\/ADL18CH2_0017_RW2-1.jpg\"><img loading=\"lazy\" width=\"960\" height=\"540\" src=\"http:\/\/noticias.dac.org.ar\/wp-content\/uploads\/2020\/04\/ADL18CH2_0017_RW2-1.jpg\" alt=\"\" data-id=\"1823\" data-full-url=\"http:\/\/noticias.dac.org.ar\/wp-content\/uploads\/2020\/04\/ADL18CH2_0017_RW2-1.jpg\" data-link=\"http:\/\/3ns.com.ar\/dev\/dac\/noticias.dac.org.ar\/?attachment_id=1823\" class=\"wp-image-1823\" srcset=\"https:\/\/noticias.dac.org.ar\/wp-content\/uploads\/2020\/04\/ADL18CH2_0017_RW2-1.jpg 960w, https:\/\/noticias.dac.org.ar\/wp-content\/uploads\/2020\/04\/ADL18CH2_0017_RW2-1-240x135.jpg 240w, https:\/\/noticias.dac.org.ar\/wp-content\/uploads\/2020\/04\/ADL18CH2_0017_RW2-1-640x360.jpg 640w, https:\/\/noticias.dac.org.ar\/wp-content\/uploads\/2020\/04\/ADL18CH2_0017_RW2-1-768x432.jpg 768w\" sizes=\"(max-width: 960px) 100vw, 960px\" \/><\/a><\/figure><\/li><li class=\"blocks-gallery-item\"><figure><a href=\"http:\/\/noticias.dac.org.ar\/wp-content\/uploads\/2020\/04\/ADL18CH2_0042_RW2-1.jpg\"><img loading=\"lazy\" width=\"960\" height=\"540\" src=\"http:\/\/noticias.dac.org.ar\/wp-content\/uploads\/2020\/04\/ADL18CH2_0042_RW2-1.jpg\" alt=\"\" data-id=\"1825\" data-full-url=\"http:\/\/noticias.dac.org.ar\/wp-content\/uploads\/2020\/04\/ADL18CH2_0042_RW2-1.jpg\" data-link=\"http:\/\/3ns.com.ar\/dev\/dac\/noticias.dac.org.ar\/?attachment_id=1825\" class=\"wp-image-1825\" srcset=\"https:\/\/noticias.dac.org.ar\/wp-content\/uploads\/2020\/04\/ADL18CH2_0042_RW2-1.jpg 960w, https:\/\/noticias.dac.org.ar\/wp-content\/uploads\/2020\/04\/ADL18CH2_0042_RW2-1-240x135.jpg 240w, https:\/\/noticias.dac.org.ar\/wp-content\/uploads\/2020\/04\/ADL18CH2_0042_RW2-1-640x360.jpg 640w, https:\/\/noticias.dac.org.ar\/wp-content\/uploads\/2020\/04\/ADL18CH2_0042_RW2-1-768x432.jpg 768w\" sizes=\"(max-width: 960px) 100vw, 960px\" \/><\/a><\/figure><\/li><li class=\"blocks-gallery-item\"><figure><a href=\"http:\/\/noticias.dac.org.ar\/wp-content\/uploads\/2020\/04\/ADL18CH2_0093_RW2-1.jpg\"><img loading=\"lazy\" width=\"960\" height=\"540\" src=\"http:\/\/noticias.dac.org.ar\/wp-content\/uploads\/2020\/04\/ADL18CH2_0093_RW2-1.jpg\" alt=\"\" data-id=\"1826\" data-full-url=\"http:\/\/noticias.dac.org.ar\/wp-content\/uploads\/2020\/04\/ADL18CH2_0093_RW2-1.jpg\" data-link=\"http:\/\/3ns.com.ar\/dev\/dac\/noticias.dac.org.ar\/?attachment_id=1826\" class=\"wp-image-1826\" srcset=\"https:\/\/noticias.dac.org.ar\/wp-content\/uploads\/2020\/04\/ADL18CH2_0093_RW2-1.jpg 960w, https:\/\/noticias.dac.org.ar\/wp-content\/uploads\/2020\/04\/ADL18CH2_0093_RW2-1-240x135.jpg 240w, https:\/\/noticias.dac.org.ar\/wp-content\/uploads\/2020\/04\/ADL18CH2_0093_RW2-1-640x360.jpg 640w, https:\/\/noticias.dac.org.ar\/wp-content\/uploads\/2020\/04\/ADL18CH2_0093_RW2-1-768x432.jpg 768w\" sizes=\"(max-width: 960px) 100vw, 960px\" \/><\/a><\/figure><\/li><li class=\"blocks-gallery-item\"><figure><a href=\"http:\/\/noticias.dac.org.ar\/wp-content\/uploads\/2020\/04\/FPXHABAN_0001_architecture-3335045_960x540-1.jpg\"><img loading=\"lazy\" width=\"960\" height=\"540\" src=\"http:\/\/noticias.dac.org.ar\/wp-content\/uploads\/2020\/04\/FPXHABAN_0001_architecture-3335045_960x540-1.jpg\" alt=\"\" data-id=\"1828\" data-full-url=\"http:\/\/noticias.dac.org.ar\/wp-content\/uploads\/2020\/04\/FPXHABAN_0001_architecture-3335045_960x540-1.jpg\" data-link=\"http:\/\/3ns.com.ar\/dev\/dac\/noticias.dac.org.ar\/?attachment_id=1828\" class=\"wp-image-1828\" srcset=\"https:\/\/noticias.dac.org.ar\/wp-content\/uploads\/2020\/04\/FPXHABAN_0001_architecture-3335045_960x540-1.jpg 960w, https:\/\/noticias.dac.org.ar\/wp-content\/uploads\/2020\/04\/FPXHABAN_0001_architecture-3335045_960x540-1-240x135.jpg 240w, https:\/\/noticias.dac.org.ar\/wp-content\/uploads\/2020\/04\/FPXHABAN_0001_architecture-3335045_960x540-1-640x360.jpg 640w, https:\/\/noticias.dac.org.ar\/wp-content\/uploads\/2020\/04\/FPXHABAN_0001_architecture-3335045_960x540-1-768x432.jpg 768w\" sizes=\"(max-width: 960px) 100vw, 960px\" \/><\/a><\/figure><\/li><\/ul><\/figure>\n\n\n\n<p>Durante el acto de creaci\u00f3n de la FESAAL fue elegido el Comit\u00e9 Ejecutivo de la misma quedando conformado por los Autores Audiovisuales: Horacio Maldonado, como su Secretario General (Secretario de <a href=\"http:\/\/www.dac.org.ar\">DAC<\/a> y actual Presidente de <a href=\"http:\/\/www.writersanddirectorsworldwide.org\/es\/\">Writers and Directors Worldwide \u2013 W&amp;DW<\/a>), Miguel \u00c1ngel Diani \u2013 (Presidente de <a href=\"https:\/\/argentores.org.ar\/\">ARGENTORES<\/a> y de la ALGyD) y Mario Mitrotti (Presidente de DASC y de la ADAL) quienes estar\u00e1n a cargo de la conducci\u00f3n formal de esta Federaci\u00f3n por los pr\u00f3ximos tres a\u00f1os.<\/p>\n\n\n<div  class=\"grids-section grids-s-9ac62507-d1fc-445c-b741-d9e4e8def7a9 grids-is-stretch\"><div class=\"grids-s-w_i\">\n<div class=\"grids-area grids-a-86852441-52c7-4e7f-8aa3-f7f0967a3937\">\n\n<figure class=\"wp-block-image size-large\"><img loading=\"lazy\" width=\"350\" height=\"350\" src=\"http:\/\/noticias.dac.org.ar\/wp-content\/uploads\/2020\/04\/horacio_maldonado_3-1.jpg\" alt=\"\" class=\"wp-image-1829\"\/><figcaption><strong>Horacio Maldonado <\/strong>\u2013 <em>Director y Guionista<br> Presidente W&amp;DW<\/em><\/figcaption><\/figure>\n\n\n\n<figure class=\"wp-block-image size-large\"><img loading=\"lazy\" width=\"142\" height=\"93\" src=\"http:\/\/noticias.dac.org.ar\/wp-content\/uploads\/2020\/03\/logo_writers-1.png\" alt=\"\" class=\"wp-image-1567\"\/><figcaption><a href=\"http:\/\/www.writersanddirectorsworldwide.org\">www.writersanddirectorsworldwide.org<\/a><\/figcaption><\/figure>\n\n<\/div>\n\n<div class=\"grids-area grids-a-ff29b1f6-0aa2-4f63-a520-f037ae526265\">\n\n<figure class=\"wp-block-image size-large\"><img loading=\"lazy\" width=\"350\" height=\"350\" src=\"http:\/\/noticias.dac.org.ar\/wp-content\/uploads\/2020\/04\/miguel_angel_diani-1.jpg\" alt=\"\" class=\"wp-image-1830\"\/><figcaption><strong>Miguel \u00c1ngel Diani<\/strong> \u2013 <em>Dramaturgo<br> Presidente ALGyD<\/em><\/figcaption><\/figure>\n\n\n\n<figure class=\"wp-block-image size-large\"><img loading=\"lazy\" width=\"480\" height=\"172\" src=\"http:\/\/noticias.dac.org.ar\/wp-content\/uploads\/2020\/04\/logo-algyd-horizontal_960-480x172-1-1.png\" alt=\"\" class=\"wp-image-1832\"\/><figcaption><a href=\"http:\/\/algyd.org\/\">algyd.org\/<\/a><\/figcaption><\/figure>\n\n<\/div>\n\n<div class=\"grids-area grids-a-791dd2ac-5b36-4abc-ab92-c540045d6b71\">\n\n<figure class=\"wp-block-image size-large\"><img loading=\"lazy\" width=\"350\" height=\"350\" src=\"http:\/\/noticias.dac.org.ar\/wp-content\/uploads\/2020\/04\/mario_mitrotti-1.jpg\" alt=\"\" class=\"wp-image-1831\"\/><figcaption><strong>Mario Mitrotti<\/strong> \u2013<em> Director<br> Presidente ADAL<\/em><\/figcaption><\/figure>\n\n\n\n<figure class=\"wp-block-image size-large\"><a href=\"www.directoreslatinoamerica.org\"><img loading=\"lazy\" width=\"393\" height=\"70\" src=\"http:\/\/noticias.dac.org.ar\/wp-content\/uploads\/2020\/04\/logo_adal-1.png\" alt=\"\" class=\"wp-image-1616\"\/><\/a><figcaption>www.directoreslatinoamerica.org<\/figcaption><\/figure>\n\n<\/div>\n<\/div><\/div>\n\n<div  class=\"grids-section grids-s-17038e8a-4cf9-460a-9f09-2654776cb760 grids-is-stretch\"><div class=\"grids-s-w_i\">\n<div class=\"grids-area grids-a-1f4d3ce0-fc4e-4660-9ae4-48b488efb514\">\n\n<p class=\"has-text-align-center\">Secretario General <strong>DAC<\/strong>.<br>  <\/p>\n\n\n\n<figure class=\"wp-block-image size-large\"><img loading=\"lazy\" width=\"200\" height=\"106\" src=\"http:\/\/noticias.dac.org.ar\/wp-content\/uploads\/2020\/04\/dac-logo-mailing-1.png\" alt=\"\" class=\"wp-image-1704\"\/><figcaption><a href=\"http:\/\/www.dac.org.ar\">www.dac.org.ar<\/a><\/figcaption><\/figure>\n\n<\/div>\n\n<div class=\"grids-area grids-a-8a1cdcfb-b5ce-4ed2-bc87-d855f95870b6\">\n\n<p class=\"has-text-align-center\">Presidente <strong>ARGENTORES<\/strong><\/p>\n\n\n\n<figure class=\"wp-block-image size-large\"><img loading=\"lazy\" width=\"200\" height=\"124\" src=\"http:\/\/noticias.dac.org.ar\/wp-content\/uploads\/2020\/04\/argentores-logo-mailing-1.png\" alt=\"\" class=\"wp-image-1703\"\/><figcaption><a href=\"http:\/\/www.argentores.org\">www.argentores.org<\/a><\/figcaption><\/figure>\n\n<\/div>\n\n<div class=\"grids-area grids-a-13cb7922-99f8-4457-84d9-5116dd56d244\">\n\n<p class=\"has-text-align-center\">Presidente <strong>DASC<\/strong><\/p>\n\n\n\n<figure class=\"wp-block-image size-large\"><img loading=\"lazy\" width=\"195\" height=\"178\" src=\"http:\/\/noticias.dac.org.ar\/wp-content\/uploads\/2020\/04\/FESAAL_logos-entidades_DASC-1.png\" alt=\"\" class=\"wp-image-1617\"\/><figcaption><a href=\"http:\/\/www.directorescolombia.org\">www.directorescolombia.org<\/a><\/figcaption><\/figure>\n\n<\/div>\n<\/div><\/div>\n\n\n<p>Hoy los Autores Audiovisuales en Latinoam\u00e9rica no solo cuentan con el reconocimiento de sus derechos que les permiten vivir de sus obras de toda la vida, sino con una flamante Federaci\u00f3n \u2013 FESAAL \u2013 que hace a\u00fan m\u00e1s fuerte a toda la regi\u00f3n que sin dudas seguir\u00e1 avanzando gracias a la lucha colectiva de los Autores Guionistas y Directores en su inagotable defensa por sus derechos.<\/p>\n\n\n\n<figure class=\"wp-block-image size-large\"><img loading=\"lazy\" width=\"960\" height=\"540\" src=\"http:\/\/noticias.dac.org.ar\/wp-content\/uploads\/2020\/04\/ADL18CH2_0113_RW2-1.jpg\" alt=\"\" class=\"wp-image-1833\" srcset=\"https:\/\/noticias.dac.org.ar\/wp-content\/uploads\/2020\/04\/ADL18CH2_0113_RW2-1.jpg 960w, https:\/\/noticias.dac.org.ar\/wp-content\/uploads\/2020\/04\/ADL18CH2_0113_RW2-1-240x135.jpg 240w, https:\/\/noticias.dac.org.ar\/wp-content\/uploads\/2020\/04\/ADL18CH2_0113_RW2-1-640x360.jpg 640w, https:\/\/noticias.dac.org.ar\/wp-content\/uploads\/2020\/04\/ADL18CH2_0113_RW2-1-768x432.jpg 768w\" sizes=\"(max-width: 960px) 100vw, 960px\" \/><\/figure>\n\n\n\n<p>Festejamos los avances logrados que hacen rica la cultura y a su pueblo.<\/p>","protected":false},"excerpt":{"rendered":"<p>Con el nacimiento de la FESAAL \u2013 Federaci\u00f3n de Sociedades de Autores Audiovisuales Latinoamericanos \u2013 se fortalece el derecho de autor en toda la regi\u00f3n.<\/p>\n","protected":false},"author":7,"featured_media":1835,"comment_status":"closed","ping_status":"closed","sticky":false,"template":"","format":"standard","meta":{"_grids_gutter_x":"","_grids_wide_width":false},"categories":[439,1],"tags":[],"_links":{"self":[{"href":"https:\/\/noticias.dac.org.ar\/es\/wp-json\/wp\/v2\/posts\/1808"}],"collection":[{"href":"https:\/\/noticias.dac.org.ar\/es\/wp-json\/wp\/v2\/posts"}],"about":[{"href":"https:\/\/noticias.dac.org.ar\/es\/wp-json\/wp\/v2\/types\/post"}],"author":[{"embeddable":true,"href":"https:\/\/noticias.dac.org.ar\/es\/wp-json\/wp\/v2\/users\/7"}],"replies":[{"embeddable":true,"href":"https:\/\/noticias.dac.org.ar\/es\/wp-json\/wp\/v2\/comments?post=1808"}],"version-history":[{"count":0,"href":"https:\/\/noticias.dac.org.ar\/es\/wp-json\/wp\/v2\/posts\/1808\/revisions"}],"wp:featuredmedia":[{"embeddable":true,"href":"https:\/\/noticias.dac.org.ar\/es\/wp-json\/wp\/v2\/media\/1835"}],"wp:attachment":[{"href":"https:\/\/noticias.dac.org.ar\/es\/wp-json\/wp\/v2\/media?parent=1808"}],"wp:term":[{"taxonomy":"category","embeddable":true,"href":"https:\/\/noticias.dac.org.ar\/es\/wp-json\/wp\/v2\/categories?post=1808"},{"taxonomy":"post_tag","embeddable":true,"href":"https:\/\/noticias.dac.org.ar\/es\/wp-json\/wp\/v2\/tags?post=1808"}],"curies":[{"name":"wp","href":"https:\/\/api.w.org\/{rel}","templated":true}]}}