{"id":1783,"date":"2011-06-20T16:42:00","date_gmt":"2011-06-20T19:42:00","guid":{"rendered":"http:\/\/3ns.com.ar\/dev\/dac\/noticias.dac.org.ar\/?p=1783"},"modified":"2011-06-20T16:42:00","modified_gmt":"2011-06-20T19:42:00","slug":"transformandonos","status":"publish","type":"post","link":"https:\/\/noticias.dac.org.ar\/es\/transformandonos\/","title":{"rendered":"Transform\u00e1ndonos"},"content":{"rendered":"<figure class=\"wp-block-image size-large\"><img loading=\"lazy\" width=\"446\" height=\"248\" src=\"http:\/\/noticias.dac.org.ar\/wp-content\/uploads\/2020\/04\/1-1.jpg\" alt=\"\" class=\"wp-image-1784\"\/><\/figure>\n\n\n\n<p>Desde el 19 de febrero del a\u00f1o 2009, cuando la Presidenta Cristina Fern\u00e1ndez de Kirchner firm\u00f3 el decreto reglamentario de la ley de propiedad intelectual los directores de obras cinematogr\u00e1ficas y audiovisuales, despu\u00e9s de tantas d\u00e9cadas de lucha y espera, nos convertimos en sociedad de gesti\u00f3n y como todos sabemos estamos transform\u00e1ndonos.<\/p>\n\n\n\n<p>Adem\u00e1s de ser una entidad gremial nacional que representa a los directores pasamos a ser tambi\u00e9n una sociedad de gesti\u00f3n colectiva que representa, defiende y percibir\u00e1 en la Argentina los derechos de autor de los directores audiovisuales nacionales y de muchos otros paises del mundo.<\/p>\n\n\n\n<p>Es una transformaci\u00f3n gigantesca que todos debemos tener siempre muy presente en estos momentos. Significa la creaci\u00f3n de una estructura muy distinta a la que por mas de 50 a\u00f1os nos configuraba, en lo legal, en lo fiscal, en lo administrativo y en lo social.<\/p>\n\n\n\n<p>Estamos creando esa estructura que comprende desde una imprescindible e impresionante base inform\u00e1tica de \u00faltima generaci\u00f3n hasta el desarrollo e integraci\u00f3n de un equipo de profesionales legales y contables de primer nivel incluyendo tambien el objetivo de disponer del espacio adecuado, suficiente y a la altura de las circunstancias que nos ocupan.<\/p>\n\n\n\n<p>Al mismo tiempo, nos encontramos gestionando los primeros acuerdos y convenios de pago con los distintos usuarios de obras audiovisuales: circuitos de salas cinemtogr\u00e1ficas, canales de TV abierta o por cable y muchos otros medios y formatos de exhibici\u00f3n.<\/p>\n\n\n\n<p>Concientes de la espectativa que esta actual labor despierta en todos, estamos trabajando como se necesita para corresponderla. Entonces, queridos amigos y colegas, aunque tratamos constantemente de mantenerlos siempre al d\u00eda inform\u00e1ndolos a trav\u00e9s de estas comunicaciones, no duden en consultarnos.<\/p>\n\n\n\n<div class=\"wp-block-image\"><figure class=\"aligncenter size-large\"><img loading=\"lazy\" width=\"219\" height=\"35\" src=\"http:\/\/noticias.dac.org.ar\/wp-content\/uploads\/2020\/04\/infodac75-1-1.png\" alt=\"\" class=\"wp-image-1988\"\/><figcaption>N\u00b075<\/figcaption><\/figure><\/div>","protected":false},"excerpt":{"rendered":"<p>Desde el 19 de febrero del a\u00f1o 2009, cuando la Presidenta Cristina Fern\u00e1ndez de Kirchner firm\u00f3 el decreto reglamentario de la ley de propiedad intelectual los directores de obras cinematogr\u00e1ficas y audiovisuales, despu\u00e9s de tantas d\u00e9cadas de lucha y espera, nos convertimos en sociedad de gesti\u00f3n y como todos sabemos estamos transform\u00e1ndonos.<\/p>\n","protected":false},"author":7,"featured_media":1784,"comment_status":"closed","ping_status":"closed","sticky":false,"template":"","format":"standard","meta":{"_grids_gutter_x":"","_grids_wide_width":false},"categories":[438,20],"tags":[],"_links":{"self":[{"href":"https:\/\/noticias.dac.org.ar\/es\/wp-json\/wp\/v2\/posts\/1783"}],"collection":[{"href":"https:\/\/noticias.dac.org.ar\/es\/wp-json\/wp\/v2\/posts"}],"about":[{"href":"https:\/\/noticias.dac.org.ar\/es\/wp-json\/wp\/v2\/types\/post"}],"author":[{"embeddable":true,"href":"https:\/\/noticias.dac.org.ar\/es\/wp-json\/wp\/v2\/users\/7"}],"replies":[{"embeddable":true,"href":"https:\/\/noticias.dac.org.ar\/es\/wp-json\/wp\/v2\/comments?post=1783"}],"version-history":[{"count":0,"href":"https:\/\/noticias.dac.org.ar\/es\/wp-json\/wp\/v2\/posts\/1783\/revisions"}],"wp:featuredmedia":[{"embeddable":true,"href":"https:\/\/noticias.dac.org.ar\/es\/wp-json\/wp\/v2\/media\/1784"}],"wp:attachment":[{"href":"https:\/\/noticias.dac.org.ar\/es\/wp-json\/wp\/v2\/media?parent=1783"}],"wp:term":[{"taxonomy":"category","embeddable":true,"href":"https:\/\/noticias.dac.org.ar\/es\/wp-json\/wp\/v2\/categories?post=1783"},{"taxonomy":"post_tag","embeddable":true,"href":"https:\/\/noticias.dac.org.ar\/es\/wp-json\/wp\/v2\/tags?post=1783"}],"curies":[{"name":"wp","href":"https:\/\/api.w.org\/{rel}","templated":true}]}}