{"id":1001,"date":"2006-10-25T15:00:12","date_gmt":"2006-10-25T18:00:12","guid":{"rendered":"http:\/\/noticias.dac.org.ar\/?p=1001"},"modified":"2006-10-25T15:00:12","modified_gmt":"2006-10-25T18:00:12","slug":"ley-de-cine-en-ecuador","status":"publish","type":"post","link":"https:\/\/noticias.dac.org.ar\/es\/ley-de-cine-en-ecuador\/","title":{"rendered":"LEY DE CINE EN ECUADOR"},"content":{"rendered":"<p>En el marco del IV Festival Cero Latitud en el Teatro Sucre de Quito, el cine ecuatoriano recibi\u00f3 un excelente anuncio. El Presidente de la Rep\u00fablica, Alfredo Palacio, firm\u00f3 el Reglamento de la Ley de Fomento al Cine Nacional.<br \/>\nLa Ley se public\u00f3 en febrero en el Registro Oficial, pero sin reglamentar no ten\u00eda funcionalidad ni consecuencias pr\u00e1cticas. Se inicia ahora el proceso de constituci\u00f3n del Consejo Nacional de Cine, integrado por cuatro delegados del sector p\u00fablico (Presidencia de la Rep\u00fablica, Instituto Ecuatoriano de Propiedad Intelectual, Ministerio de Comercio Exterior y Casa de la Cultura Ecuatoriana) y tres delegados de las organizaciones profesionales de cineastas (directores y guionistas, productores y actores y t\u00e9cnicos).<\/p>\n<p>Con esto, se crea el Fondo de Fomento al Cine Nacional, que ser\u00e1 administrado por el Consejo Nacional de Cine y que estar\u00e1 encargado de entregar las ayudas p\u00fablicas a la producci\u00f3n de manera reglamentada y concursable. Hasta el momento, los auspicios culturales que se otorgaban desde las instituciones p\u00fablicas no estaban sujetos a ninguna reglamentaci\u00f3n y se asignaban arbitrariamente.<\/p>\n<p>Este logro se produce despu\u00e9s de un largo proceso que estuvo liderado por el Colectivo ProLey de Cine, en el que unieron esfuerzos Asocine, la Fundaci\u00f3n Cero Latitud, la Corporaci\u00f3n Cinememoria y Egeda Ecuador. Contaron con el compromiso del Ministro de Educaci\u00f3n y Cultura, Ra\u00fal Vallejo, y del Presidente de la Rep\u00fablica.<\/p>\n<p>La reglamentaci\u00f3n llega en momentos en que la pel\u00edcula \u00abQu\u00e9 tan lejos\u00bb, de Tania Hermida, ha llevado 120 mil espectadores a las salas de exhibici\u00f3n y se esperan para los pr\u00f3ximos meses estrenos importantes como \u00abCuando me toque a m\u00ed\u00bb, de V\u00edctor Arregui, y \u00abEsas no son penas\u00bb, de Anah\u00ed Hoeneisen que pueden alcanzar y a\u00fan superar estas cifras.<\/p>\n<p>Un hecho hist\u00f3rico para el cine ecuatoriano, que reconoce la importancia de su actividad tanto en el campo art\u00edstico como la creaci\u00f3n de empleos.<\/p>\n<p>Archivo: <a href=\"http:\/\/www.dacdirectoresdecine.org.ar\/infodac65\/index.html\">InfoDAC N\u00b065<\/a><\/p>\n","protected":false},"excerpt":{"rendered":"<p>En el marco del IV Festival Cero Latitud en el Teatro Sucre de Quito, el cine ecuatoriano recibi\u00f3 un excelente anuncio. El Presidente de la Rep\u00fablica, Alfredo Palacio, firm\u00f3 el Reglamento de la Ley de Fomento al Cine Nacional.<br \/>\nLa Ley se public\u00f3 en febrero en el Registro Oficial, pero sin reglamentar no ten\u00eda funcionalidad ni consecuencias pr\u00e1cticas.<\/p>\n","protected":false},"author":7,"featured_media":0,"comment_status":"closed","ping_status":"closed","sticky":false,"template":"","format":"standard","meta":{"_grids_gutter_x":"","_grids_wide_width":false},"categories":[20],"tags":[376,378,377],"_links":{"self":[{"href":"https:\/\/noticias.dac.org.ar\/es\/wp-json\/wp\/v2\/posts\/1001"}],"collection":[{"href":"https:\/\/noticias.dac.org.ar\/es\/wp-json\/wp\/v2\/posts"}],"about":[{"href":"https:\/\/noticias.dac.org.ar\/es\/wp-json\/wp\/v2\/types\/post"}],"author":[{"embeddable":true,"href":"https:\/\/noticias.dac.org.ar\/es\/wp-json\/wp\/v2\/users\/7"}],"replies":[{"embeddable":true,"href":"https:\/\/noticias.dac.org.ar\/es\/wp-json\/wp\/v2\/comments?post=1001"}],"version-history":[{"count":0,"href":"https:\/\/noticias.dac.org.ar\/es\/wp-json\/wp\/v2\/posts\/1001\/revisions"}],"wp:attachment":[{"href":"https:\/\/noticias.dac.org.ar\/es\/wp-json\/wp\/v2\/media?parent=1001"}],"wp:term":[{"taxonomy":"category","embeddable":true,"href":"https:\/\/noticias.dac.org.ar\/es\/wp-json\/wp\/v2\/categories?post=1001"},{"taxonomy":"post_tag","embeddable":true,"href":"https:\/\/noticias.dac.org.ar\/es\/wp-json\/wp\/v2\/tags?post=1001"}],"curies":[{"name":"wp","href":"https:\/\/api.w.org\/{rel}","templated":true}]}}