{"id":107,"date":"2012-12-10T16:47:10","date_gmt":"2012-12-10T19:47:10","guid":{"rendered":"http:\/\/noticias.dac.org.ar\/?p=107"},"modified":"2012-12-10T16:47:10","modified_gmt":"2012-12-10T19:47:10","slug":"premio-dac-doc-in-progress-nuevo-apoyo-a-la-creacion-audiovisual","status":"publish","type":"post","link":"https:\/\/noticias.dac.org.ar\/en\/premio-dac-doc-in-progress-nuevo-apoyo-a-la-creacion-audiovisual\/","title":{"rendered":"PREMIO DAC \u2013 DOC IN PROGRESS: NUEVO APOYO A LA CREACI\u00d3N AUDIOVISUAL"},"content":{"rendered":"<p class=\"qtranxs-available-languages-message qtranxs-available-languages-message-en\">Sorry, this entry is only available in <a href=\"https:\/\/noticias.dac.org.ar\/es\/wp-json\/wp\/v2\/posts\/107\" class=\"qtranxs-available-language-link qtranxs-available-language-link-es\" title=\"Espa\u00f1ol\">European Spanish<\/a>.<\/p><p><img loading=\"lazy\" class=\"wp-image-95 \" src=\"http:\/\/noticias.dac.org.ar\/wp-content\/uploads\/2017\/10\/Art2Img1.jpg\" alt=\"\" width=\"649\" height=\"213\" \/><\/p>\n<p>Rodaje de \u201cAsuntos de familia\u201d<\/p>\n<p style=\"text-align: left;\">Continuando con la serie de Premios efectivos otorgados para apoyar y estimular la actividad de los directores audiovisuales argentinos participantes en los principales festivales cinematogr\u00e1ficos de nuestro pa\u00eds, tal como ya ocurriera este a\u00f1o en el BAFICI y en el Festival Internacional de Mar del Plata, DAC premi\u00f3 tambi\u00e9n al director de la Mejor Pel\u00edcula Argentina en postproducci\u00f3n presentada en el reciente DocBuenosAires 2012.<\/p>\n<p style=\"text-align: left;\">El ganador fue Maximiliano Pelosi por \u201cASUNTOS DE FAMILIA\u201d.<\/p>\n<div id=\"attachment_96\" style=\"width: 183px\" class=\"wp-caption alignright\"><img aria-describedby=\"caption-attachment-96\" loading=\"lazy\" class=\"size-full wp-image-96\" src=\"http:\/\/noticias.dac.org.ar\/wp-content\/uploads\/2017\/10\/Art2Img2.jpg\" alt=\"Carlos Galettini con Franca Gonz\u00e1lez anuncian su premio a Maximiliano Pelosi\" width=\"173\" height=\"154\" \/><p id=\"caption-attachment-96\" class=\"wp-caption-text\">Carlos Galettini con Franca Gonz\u00e1lez<br \/>anuncian su premio a Maximiliano Pelosi<\/p><\/div>\n<p style=\"text-align: left;\">El jurado estuvo integrado por Luciano Barisone de Visions du R\u00e9el, Suiza; Marc Edwards de Arte France, Francia; Curra Ortiz de Solorzano de Documenta Madrid, Espa\u00f1a y Carmen Guarini de DAC.<\/p>\n<p style=\"text-align: left;\">El premio a Pelosi, un cheque por diez mil pesos, le ser\u00e1 entregado el pr\u00f3ximo martes 11 de diciembre. Ser\u00e1 en el transcurso de la Fiesta con que DAC, sus asociados, representados y muchos otros amigos invitados m\u00e1s, despedir\u00e1n este magn\u00edfico a\u00f1o augurando otro igual o mejor en el CIC -Centro de Investigaciones Cinematogr\u00e1ficas- Matienzo 2571, a partir de las 20 horas.<\/p>\n<p>&nbsp;<\/p>\n<p><strong>Archivo<\/strong>: <a href=\"http:\/\/www.dac.org.ar\/infodac-07-12-2012\/index_infodac.html#2\">Info Dac N\u00b08<\/a>5<\/p>","protected":false},"excerpt":{"rendered":"<p class=\"qtranxs-available-languages-message qtranxs-available-languages-message-en\">Sorry, this entry is only available in <a href=\"https:\/\/noticias.dac.org.ar\/es\/wp-json\/wp\/v2\/posts\/107\" class=\"qtranxs-available-language-link qtranxs-available-language-link-es\" title=\"Espa\u00f1ol\">European Spanish<\/a>.<\/p>\n<p>Continuando con la serie de Premios efectivos otorgados para apoyar y estimular la actividad de los directores audiovisuales argentinos participantes en los principales festivales cinematogr\u00e1ficos de nuestro pa\u00eds, tal como ya ocurriera este a\u00f1o en el BAFICI y en el Festival Internacional de Mar del Plata, DAC premi\u00f3 tambi\u00e9n al director de la Mejor Pel\u00edcula Argentina en postproducci\u00f3n presentada en el reciente DocBuenosAires 2012.<\/p>\n","protected":false},"author":7,"featured_media":95,"comment_status":"closed","ping_status":"closed","sticky":false,"template":"","format":"standard","meta":{"_grids_gutter_x":"","_grids_wide_width":false},"categories":[20],"tags":[28,29,31],"_links":{"self":[{"href":"https:\/\/noticias.dac.org.ar\/en\/wp-json\/wp\/v2\/posts\/107"}],"collection":[{"href":"https:\/\/noticias.dac.org.ar\/en\/wp-json\/wp\/v2\/posts"}],"about":[{"href":"https:\/\/noticias.dac.org.ar\/en\/wp-json\/wp\/v2\/types\/post"}],"author":[{"embeddable":true,"href":"https:\/\/noticias.dac.org.ar\/en\/wp-json\/wp\/v2\/users\/7"}],"replies":[{"embeddable":true,"href":"https:\/\/noticias.dac.org.ar\/en\/wp-json\/wp\/v2\/comments?post=107"}],"version-history":[{"count":0,"href":"https:\/\/noticias.dac.org.ar\/en\/wp-json\/wp\/v2\/posts\/107\/revisions"}],"wp:featuredmedia":[{"embeddable":true,"href":"https:\/\/noticias.dac.org.ar\/en\/wp-json\/wp\/v2\/media\/95"}],"wp:attachment":[{"href":"https:\/\/noticias.dac.org.ar\/en\/wp-json\/wp\/v2\/media?parent=107"}],"wp:term":[{"taxonomy":"category","embeddable":true,"href":"https:\/\/noticias.dac.org.ar\/en\/wp-json\/wp\/v2\/categories?post=107"},{"taxonomy":"post_tag","embeddable":true,"href":"https:\/\/noticias.dac.org.ar\/en\/wp-json\/wp\/v2\/tags?post=107"}],"curies":[{"name":"wp","href":"https:\/\/api.w.org\/{rel}","templated":true}]}}